{"id":1807,"date":"2025-03-04T10:15:33","date_gmt":"2025-03-04T10:15:33","guid":{"rendered":"https:\/\/cercetare.spiruharet.ro\/?p=1807"},"modified":"2025-03-04T14:24:22","modified_gmt":"2025-03-04T14:24:22","slug":"conferint-internationala-abordari-inovatoare-in-psihologie-si-stiintele-educatiei-iapes","status":"publish","type":"post","link":"https:\/\/cercetare.spiruharet.ro\/en\/2025\/03\/04\/conferint-internationala-abordari-inovatoare-in-psihologie-si-stiintele-educatiei-iapes\/","title":{"rendered":"Conferin\u021ba Interna\u021bional\u0103                                                       ABORD\u0102RI INOVATOARE \u00ceN PSIHOLOGIE \u0218I \u0218TIIN\u021aELE EDUCA\u021aIEI IAPES"},"content":{"rendered":"<p><\/p>\n\n\n\n<p class=\"has-text-align-center\"><\/p>\n\n\n\n<figure class=\"wp-block-image aligncenter size-full\"><img fetchpriority=\"high\" decoding=\"async\" width=\"466\" height=\"658\" src=\"https:\/\/cercetare.spiruharet.ro\/wp-content\/uploads\/2025\/03\/IAPES-Copy.jpg\" alt=\"\" class=\"wp-image-1808\" srcset=\"https:\/\/cercetare.spiruharet.ro\/wp-content\/uploads\/2025\/03\/IAPES-Copy.jpg 466w, https:\/\/cercetare.spiruharet.ro\/wp-content\/uploads\/2025\/03\/IAPES-Copy-212x300.jpg 212w, https:\/\/cercetare.spiruharet.ro\/wp-content\/uploads\/2025\/03\/IAPES-Copy-8x12.jpg 8w\" sizes=\"(max-width: 466px) 100vw, 466px\" \/><\/figure>\n\n\n\n<p class=\"has-text-align-left\">Avem pl\u0103cerea s\u0103 v\u0103 invit\u0103m pe dumneavoastr\u0103 \u0219i edi\u021bia a II-a a Conferin\u021bei Interna\u021bionale ABORD\u0102RI INOVATOARE \u00ceN PSIHOLOGIE \u0218I \u0218TIIN\u021aELE EDUCA\u021aIEI IAPES, g\u0103zduit\u0103 de Facultatea de Psihologie \u0219i \u0218tiin\u021be ale Educa\u021biei, Universitatea <em>Spiru Haret,<\/em> Bucure\u0219ti, Rom\u00e2nia \u00een data de 14 mai 2025.<br><br>Tema edi\u021biei din acest an este <strong>Pasul \u00eempreun\u0103 pentru s\u0103n\u0103tatea mintal\u0103.<\/strong> \u00cen scopul de a prezenta contribu\u021bii relevante cu impact asupra vie\u021bii comunit\u0103\u021bii, dorim, de asemenea, s\u0103 subliniem c\u0103 \u0219tiin\u021bele sociale \u0219i umane pot contribui cu adev\u0103rat la bun\u0103starea grupurilor sociale \u0219i nu au scopul doar de a propaga idei \u00eentr-un mediu academic elitist, un turn de filde\u0219, orb la problemele cotidiene. Prin urmare, iat\u0103 subiectele conferin\u021bei:<br><br>\u00b7 Dependen\u021b\u0103 \u0219i s\u0103n\u0103tate mintal\u0103<br><br>\u00b7 Interven\u021bii clinice \u0219i psihoterapeutice pentru s\u0103n\u0103tatea mintal\u0103<br><br>\u00b7 S\u0103n\u0103tate mintal\u0103 &#8211; Prejudec\u0103\u021bi \u0219i stigmatizare<br><br>\u00b7 Profesori \u0219i Studen\u021bi &#8211; S\u0103n\u0103tatea Mintal\u0103 \u00een Educa\u021bie<br><br>Limba conferin\u021bei este engleza, iar toate rezumatele vor fi publicate \u00een volum. De asemenea, textul integral al lucr\u0103rilor selectate va fi publicat \u00een Journal of Communication and Behavioral Sciences http:\/\/anale.spiruharet.ro\/behav-sci\/about, indexat \u00een CEEOL, EBSCO \u0219i Ulrich\u2019s Periodicals Directory. V\u0103 rug\u0103m s\u0103 re\u021bine\u021bi c\u0103, \u00een cazul particip\u0103rii fizice la conferin\u021b\u0103, responsabilitatea pentru cazare revine participan\u021bilor.<br><br>V\u0103 pute\u021bi \u00eenregistra accces\u00e2nd linkul de mai jos p\u00e2n\u0103 la 1 mai 2025<br><br><a href=\"https:\/\/docs.google.com\/forms\/d\/1wf2ucqob9Tm96-YFINwticdMw9rU6S5BbsC0oylFaZg\/edit \">https:\/\/docs.google.com\/forms\/d\/1wf2ucqob9Tm96-YFINwticdMw9rU6S5BbsC0oylFaZg\/edit <\/a><\/p>\n\n\n\n<p class=\"has-text-align-left\"><\/p>\n\n\n\n<p class=\"has-text-align-left\"><\/p>\n\n\n\n<p class=\"has-text-align-left\"><a href=\"https:\/\/pse-b.spiruharet.ro\/en\/1371-iapes-2025\" target=\"_blank\" rel=\"noreferrer noopener\">Mai multe informa\u021bii&#8230;<\/a><\/p>","protected":false},"excerpt":{"rendered":"<p>Avem pl\u0103cerea s\u0103 v\u0103 invit\u0103m pe dumneavoastr\u0103 \u0219i edi\u021bia a II-a a Conferin\u021bei Interna\u021bionale ABORD\u0102RI INOVATOARE \u00ceN PSIHOLOGIE \u0218I \u0218TIIN\u021aELE EDUCA\u021aIEI IAPES, g\u0103zduit\u0103 de Facultatea de Psihologie \u0219i \u0218tiin\u021be ale Educa\u021biei, Universitatea Spiru Haret, Bucure\u0219ti, Rom\u00e2nia \u00een data de 14 mai 2025. Tema edi\u021biei din acest an este Pasul \u00eempreun\u0103 pentru s\u0103n\u0103tatea mintal\u0103. \u00cen scopul [&hellip;]<\/p>\n","protected":false},"author":4,"featured_media":1809,"comment_status":"open","ping_status":"open","sticky":false,"template":"","format":"standard","meta":{"_et_pb_use_builder":"off","_et_pb_old_content":"<!-- wp:paragraph {\"align\":\"center\"} -->\n<p class=\"has-text-align-center\"><\/p>\n<!-- \/wp:paragraph -->\n\n<!-- wp:image {\"id\":1698,\"sizeSlug\":\"full\",\"linkDestination\":\"none\",\"align\":\"center\"} -->\n<figure class=\"wp-block-image aligncenter size-full\"><img src=\"https:\/\/cercetare.spiruharet.ro\/wp-content\/uploads\/2025\/01\/44308078153_n.jpg\" alt=\"\" class=\"wp-image-1698\" \/><\/figure>\n<!-- \/wp:image -->\n\n<!-- wp:paragraph {\"align\":\"left\"} -->\n<p class=\"has-text-align-left\">Joi, 16 ianuarie 2025, Sala Amfiteatru a Facult\u0103\u021bii de \u0218tiin\u021be Juridice \u0219i \u0218tiin\u021be Administrative, <a href=\"https:\/\/www.facebook.com\/Universitatea.Spiru.Haret?__cft__[0]=AZVbGJKlIrGVeRXLYMbMNBmUAyFvPfi2Liz9TJB2z_5QvSa94OcR5JbjzWM9T-x0BWEySCgMSvhQsf50c4FknPi0TKMyVkMvx01YSyTxo1iLxXH3yX_MljlfFbmCUAAbwslAO57ShrHLjZiFdWeLfP_Hzn9Zc-AP2gnfmN3zrO9SvYZ8yO8qVHtyTxdm0Hvs0E739rqJ_Uf2r16Deq0tBSktfUklQgofUXhQIrVIgEsiJQ&amp;__tn__=-]K-R\">Universitatea Spiru Haret<\/a> a fost gazda evenimentului de lansare al proiectului DreptCompAct, finan\u021bat prin Fondul Social European+. Acesta face parte din opera\u021biunea \u201ePromovarea dezvolt\u0103rii programelor de studii ter\u021biare de \u00eenalt\u0103 calitate, flexibile \u0219i corelate cu cerin\u021bele pie\u021bei muncii\u201d.<\/p>\n<!-- \/wp:paragraph -->\n\n<!-- wp:paragraph -->\n<p>Scopul proiectului:<\/p>\n<!-- \/wp:paragraph -->\n\n<!-- wp:paragraph -->\n<p>DreptCompAct vizeaz\u0103 dezvoltarea competen\u021belor specifice \u0219i transversale ale studen\u021bilor din domeniul dreptului, prin stagii de practic\u0103 \u00een mediul economic real \u0219i colabor\u0103ri cu parteneri de practic\u0103. Astfel, studen\u021bii vor dob\u00e2ndi abilit\u0103\u021bi esen\u021biale pentru integrarea rapid\u0103 pe pia\u021ba muncii.<\/p>\n<!-- \/wp:paragraph -->\n\n<!-- wp:paragraph -->\n<p> Grupul \u021bint\u0103:<\/p>\n<!-- \/wp:paragraph -->\n\n<!-- wp:paragraph {\"align\":\"left\"} -->\n<p class=\"has-text-align-left\">252 de studen\u021bi \u0219i masteranzi ai Facult\u0103\u021bii de \u0218tiin\u021be Juridice \u0219i \u0218tiin\u021be Administrative, cu v\u00e2rste \u00eentre 18 \u0219i 35 de ani, din regiunile mai pu\u021bin dezvoltate, care vor beneficia de stagii de practic\u0103 \u0219i formare continu\u0103.<\/p>\n<!-- \/wp:paragraph -->\n\n<!-- wp:paragraph {\"align\":\"left\"} -->\n<p class=\"has-text-align-left\"><\/p>\n<!-- \/wp:paragraph -->\n\n<!-- wp:paragraph {\"align\":\"left\"} -->\n<p class=\"has-text-align-left\"><a href=\"https:\/\/drept-comp-act.spiruharet.ro\/\" target=\"_blank\" rel=\"noreferrer noopener\">Mai multe informa\u021bii...<\/a><\/p>\n<!-- \/wp:paragraph -->","_et_gb_content_width":"","_angie_page":false,"page_builder":"","footnotes":""},"categories":[1],"tags":[],"class_list":["post-1807","post","type-post","status-publish","format-standard","has-post-thumbnail","hentry","category-noutati"],"_links":{"self":[{"href":"https:\/\/cercetare.spiruharet.ro\/en\/wp-json\/wp\/v2\/posts\/1807","targetHints":{"allow":["GET"]}}],"collection":[{"href":"https:\/\/cercetare.spiruharet.ro\/en\/wp-json\/wp\/v2\/posts"}],"about":[{"href":"https:\/\/cercetare.spiruharet.ro\/en\/wp-json\/wp\/v2\/types\/post"}],"author":[{"embeddable":true,"href":"https:\/\/cercetare.spiruharet.ro\/en\/wp-json\/wp\/v2\/users\/4"}],"replies":[{"embeddable":true,"href":"https:\/\/cercetare.spiruharet.ro\/en\/wp-json\/wp\/v2\/comments?post=1807"}],"version-history":[{"count":3,"href":"https:\/\/cercetare.spiruharet.ro\/en\/wp-json\/wp\/v2\/posts\/1807\/revisions"}],"predecessor-version":[{"id":1814,"href":"https:\/\/cercetare.spiruharet.ro\/en\/wp-json\/wp\/v2\/posts\/1807\/revisions\/1814"}],"wp:featuredmedia":[{"embeddable":true,"href":"https:\/\/cercetare.spiruharet.ro\/en\/wp-json\/wp\/v2\/media\/1809"}],"wp:attachment":[{"href":"https:\/\/cercetare.spiruharet.ro\/en\/wp-json\/wp\/v2\/media?parent=1807"}],"wp:term":[{"taxonomy":"category","embeddable":true,"href":"https:\/\/cercetare.spiruharet.ro\/en\/wp-json\/wp\/v2\/categories?post=1807"},{"taxonomy":"post_tag","embeddable":true,"href":"https:\/\/cercetare.spiruharet.ro\/en\/wp-json\/wp\/v2\/tags?post=1807"}],"curies":[{"name":"wp","href":"https:\/\/api.w.org\/{rel}","templated":true}]}}