{"id":1766,"date":"2025-02-23T18:53:19","date_gmt":"2025-02-23T18:53:19","guid":{"rendered":"https:\/\/cercetare.spiruharet.ro\/?p=1766"},"modified":"2025-02-24T07:15:56","modified_gmt":"2025-02-24T07:15:56","slug":"universitatea-spiru-haret-a-aderat-in-luna-octombrie-2024-la-coara-coaliia-pentru-reforma-in-evaluarea-cercetarii","status":"publish","type":"post","link":"https:\/\/cercetare.spiruharet.ro\/en\/2025\/02\/23\/universitatea-spiru-haret-a-aderat-in-luna-octombrie-2024-la-coara-coaliia-pentru-reforma-in-evaluarea-cercetarii\/","title":{"rendered":"Universitatea Spiru Haret a aderat \u00een luna octombrie 2024 la CoARA &#8211; Coali\u00ad\u0163ia pentru Reforma \u00een Evaluarea Cercetarii"},"content":{"rendered":"<p class=\"has-text-align-center\"><\/p>\n\n\n\n<figure class=\"wp-block-image aligncenter size-full\"><img fetchpriority=\"high\" decoding=\"async\" width=\"1240\" height=\"659\" src=\"https:\/\/cercetare.spiruharet.ro\/wp-content\/uploads\/2025\/02\/Flyer-Coara_1.png\" alt=\"\" class=\"wp-image-1767\" srcset=\"https:\/\/cercetare.spiruharet.ro\/wp-content\/uploads\/2025\/02\/Flyer-Coara_1.png 1240w, https:\/\/cercetare.spiruharet.ro\/wp-content\/uploads\/2025\/02\/Flyer-Coara_1-980x521.png 980w, https:\/\/cercetare.spiruharet.ro\/wp-content\/uploads\/2025\/02\/Flyer-Coara_1-480x255.png 480w\" sizes=\"(min-width: 0px) and (max-width: 480px) 480px, (min-width: 481px) and (max-width: 980px) 980px, (min-width: 981px) 1240px, 100vw\" \/><\/figure>\n\n\n\n<p class=\"has-text-align-left\">Universitatea Spiru Haret a aderat \u00een luna octombrie 2024 la CoARA &#8211; Coali\u0163\u00adia pentru Reforma \u00een Evaluarea Cercetarii.\u00a0CoARA ofer\u0103 membrilor s\u0103i un spa\u021biu pentru a \u00eenv\u0103\u021ba din experien\u021bele altora, pentru a avansa procesul de reforma a evalu\u0103rii cercet\u0103rii \u00een Europa \u0219i nu numai. Cadrele didactice sunt invitate s\u0103 se implice \u00een grupurile de lucru \u0219i alte activit\u0103\u021bi ale coali\u021biei &#8211;\u00a0<a href=\"https:\/\/coara.eu\/\" target=\"_blank\" rel=\"noreferrer noopener\">https:\/\/coara.eu<\/a>\u00a0.<\/p>\n\n\n\n<p class=\"has-text-align-left\">Afl\u0103 de mai jos detalii despre misiunea \u0219i principiile CoARA dar \u0219i despre angajamentele asumate de Universitatea Spiru Haret prin intrarea \u00een aceast\u0103 coali\u021bie.<\/p>\n\n\n\n<p class=\"has-text-align-left\"><\/p>\n\n\n\n<p class=\"has-text-align-left\"><a href=\"https:\/\/cercetare.spiruharet.ro\/wp-content\/uploads\/2025\/02\/Flyer-Coara.pdf\" target=\"_blank\" rel=\"noreferrer noopener\">Mai multe informa\u021bii&#8230;<\/a><\/p>","protected":false},"excerpt":{"rendered":"<p>Universitatea Spiru Haret a aderat \u00een luna octombrie 2024 la CoARA &#8211; Coali\u0163\u00adia pentru Reforma \u00een Evaluarea Cercetarii.\u00a0CoARA ofer\u0103 membrilor s\u0103i un spa\u021biu pentru a \u00eenv\u0103\u021ba din experien\u021bele altora, pentru a avansa procesul de reforma a evalu\u0103rii cercet\u0103rii \u00een Europa \u0219i nu numai. Cadrele didactice sunt invitate s\u0103 se implice \u00een grupurile de lucru \u0219i [&hellip;]<\/p>\n","protected":false},"author":1,"featured_media":1776,"comment_status":"open","ping_status":"open","sticky":false,"template":"","format":"standard","meta":{"_et_pb_use_builder":"off","_et_pb_old_content":"","_et_gb_content_width":"","_angie_page":false,"page_builder":"","footnotes":""},"categories":[1],"tags":[],"class_list":["post-1766","post","type-post","status-publish","format-standard","has-post-thumbnail","hentry","category-noutati"],"_links":{"self":[{"href":"https:\/\/cercetare.spiruharet.ro\/en\/wp-json\/wp\/v2\/posts\/1766","targetHints":{"allow":["GET"]}}],"collection":[{"href":"https:\/\/cercetare.spiruharet.ro\/en\/wp-json\/wp\/v2\/posts"}],"about":[{"href":"https:\/\/cercetare.spiruharet.ro\/en\/wp-json\/wp\/v2\/types\/post"}],"author":[{"embeddable":true,"href":"https:\/\/cercetare.spiruharet.ro\/en\/wp-json\/wp\/v2\/users\/1"}],"replies":[{"embeddable":true,"href":"https:\/\/cercetare.spiruharet.ro\/en\/wp-json\/wp\/v2\/comments?post=1766"}],"version-history":[{"count":4,"href":"https:\/\/cercetare.spiruharet.ro\/en\/wp-json\/wp\/v2\/posts\/1766\/revisions"}],"predecessor-version":[{"id":1789,"href":"https:\/\/cercetare.spiruharet.ro\/en\/wp-json\/wp\/v2\/posts\/1766\/revisions\/1789"}],"wp:featuredmedia":[{"embeddable":true,"href":"https:\/\/cercetare.spiruharet.ro\/en\/wp-json\/wp\/v2\/media\/1776"}],"wp:attachment":[{"href":"https:\/\/cercetare.spiruharet.ro\/en\/wp-json\/wp\/v2\/media?parent=1766"}],"wp:term":[{"taxonomy":"category","embeddable":true,"href":"https:\/\/cercetare.spiruharet.ro\/en\/wp-json\/wp\/v2\/categories?post=1766"},{"taxonomy":"post_tag","embeddable":true,"href":"https:\/\/cercetare.spiruharet.ro\/en\/wp-json\/wp\/v2\/tags?post=1766"}],"curies":[{"name":"wp","href":"https:\/\/api.w.org\/{rel}","templated":true}]}}